{"id":3480,"date":"2025-11-27T19:44:33","date_gmt":"2025-11-28T00:44:33","guid":{"rendered":"https:\/\/redec.upec.edu.ec\/?p=3480"},"modified":"2025-12-29T09:20:06","modified_gmt":"2025-12-29T14:20:06","slug":"participacion-destacada-de-la-redec-en-el-congreso-internacional-ciiie-2025","status":"publish","type":"post","link":"https:\/\/redec.upec.edu.ec\/?p=3480","title":{"rendered":"Participaci\u00f3n destacada de la REDEC en el Congreso Internacional CIIIE 2025"},"content":{"rendered":"<p data-start=\"290\" data-end=\"617\">En un ejercicio sobresaliente de cooperaci\u00f3n acad\u00e9mica y articulaci\u00f3n binacional, la Red de Instituciones de Educaci\u00f3n Superior Ecuador\u2013Colombia (REDEC) particip\u00f3 activamente en el V Congreso Internacional de Investigaci\u00f3n, Innovaci\u00f3n y Emprendimiento \u2013 CIIIE 2025, realizado en la Universidad Indoam\u00e9rica de Ambato, Ecuador.<\/p>\n<p data-start=\"619\" data-end=\"920\">Este espacio reuni\u00f3 a investigadores, expertos y emprendedores de diversos pa\u00edses de Am\u00e9rica Latina, consolid\u00e1ndose como un punto de encuentro para el di\u00e1logo acad\u00e9mico y la construcci\u00f3n de soluciones orientadas al desarrollo sostenible, la innovaci\u00f3n y los desaf\u00edos actuales de la educaci\u00f3n superior.<\/p>\n<p data-start=\"922\" data-end=\"1374\">La presencia de la REDEC en este congreso reafirma su compromiso con la internacionalizaci\u00f3n, la integraci\u00f3n regional y el fortalecimiento de redes colaborativas que impulsan el intercambio de conocimientos y experiencias entre instituciones de ambos pa\u00edses. Su participaci\u00f3n contribuy\u00f3 al posicionamiento de la red como un referente en procesos de movilidad, cooperaci\u00f3n acad\u00e9mica y trabajo conjunto para el avance cient\u00edfico y educativo en la regi\u00f3n.<\/p>\n\n\n<figure class=\"wp-block-image size-large\"><img fetchpriority=\"high\" decoding=\"async\" width=\"1024\" height=\"1024\" src=\"https:\/\/redec.upec.edu.ec\/wp-content\/uploads\/2025\/11\/NEW4-1024x1024.jpg\" alt=\"\" class=\"wp-image-3484\" srcset=\"https:\/\/redec.upec.edu.ec\/wp-content\/uploads\/2025\/11\/NEW4-1024x1024.jpg 1024w, https:\/\/redec.upec.edu.ec\/wp-content\/uploads\/2025\/11\/NEW4-300x300.jpg 300w, https:\/\/redec.upec.edu.ec\/wp-content\/uploads\/2025\/11\/NEW4-150x150.jpg 150w, https:\/\/redec.upec.edu.ec\/wp-content\/uploads\/2025\/11\/NEW4-768x768.jpg 768w, https:\/\/redec.upec.edu.ec\/wp-content\/uploads\/2025\/11\/NEW4-1536x1536.jpg 1536w, https:\/\/redec.upec.edu.ec\/wp-content\/uploads\/2025\/11\/NEW4.jpg 1583w\" sizes=\"(max-width: 1024px) 100vw, 1024px\" \/><\/figure>\n\n\n\n<figure class=\"wp-block-gallery has-nested-images columns-default is-cropped wp-block-gallery-1 is-layout-flex wp-block-gallery-is-layout-flex\">\n<figure class=\"wp-block-image size-large\"><img decoding=\"async\" width=\"1024\" height=\"819\" data-id=\"3485\" src=\"https:\/\/redec.upec.edu.ec\/wp-content\/uploads\/2025\/11\/DOC-1024x819.jpg\" alt=\"\" class=\"wp-image-3485\" srcset=\"https:\/\/redec.upec.edu.ec\/wp-content\/uploads\/2025\/11\/DOC-1024x819.jpg 1024w, https:\/\/redec.upec.edu.ec\/wp-content\/uploads\/2025\/11\/DOC-300x240.jpg 300w, https:\/\/redec.upec.edu.ec\/wp-content\/uploads\/2025\/11\/DOC-768x614.jpg 768w, https:\/\/redec.upec.edu.ec\/wp-content\/uploads\/2025\/11\/DOC-1536x1229.jpg 1536w, https:\/\/redec.upec.edu.ec\/wp-content\/uploads\/2025\/11\/DOC.jpg 2048w\" sizes=\"(max-width: 1024px) 100vw, 1024px\" \/><\/figure>\n\n\n\n<figure class=\"wp-block-image size-large\"><img decoding=\"async\" width=\"1024\" height=\"683\" data-id=\"3482\" src=\"https:\/\/redec.upec.edu.ec\/wp-content\/uploads\/2025\/11\/new3-1-1024x683.jpg\" alt=\"\" class=\"wp-image-3482\" srcset=\"https:\/\/redec.upec.edu.ec\/wp-content\/uploads\/2025\/11\/new3-1-1024x683.jpg 1024w, https:\/\/redec.upec.edu.ec\/wp-content\/uploads\/2025\/11\/new3-1-300x200.jpg 300w, https:\/\/redec.upec.edu.ec\/wp-content\/uploads\/2025\/11\/new3-1-768x512.jpg 768w, https:\/\/redec.upec.edu.ec\/wp-content\/uploads\/2025\/11\/new3-1.jpg 1080w\" sizes=\"(max-width: 1024px) 100vw, 1024px\" \/><\/figure>\n\n\n\n<figure class=\"wp-block-image size-large\"><img loading=\"lazy\" decoding=\"async\" width=\"1024\" height=\"768\" data-id=\"3483\" src=\"https:\/\/redec.upec.edu.ec\/wp-content\/uploads\/2025\/11\/new-1-1024x768.jpg\" alt=\"\" class=\"wp-image-3483\" srcset=\"https:\/\/redec.upec.edu.ec\/wp-content\/uploads\/2025\/11\/new-1-1024x768.jpg 1024w, https:\/\/redec.upec.edu.ec\/wp-content\/uploads\/2025\/11\/new-1-300x225.jpg 300w, https:\/\/redec.upec.edu.ec\/wp-content\/uploads\/2025\/11\/new-1-768x576.jpg 768w, https:\/\/redec.upec.edu.ec\/wp-content\/uploads\/2025\/11\/new-1-1536x1152.jpg 1536w, https:\/\/redec.upec.edu.ec\/wp-content\/uploads\/2025\/11\/new-1.jpg 1600w\" sizes=\"(max-width: 1024px) 100vw, 1024px\" \/><\/figure>\n<\/figure>\n\n    <div class=\"xs_social_share_widget xs_share_url after_content \t\tmain_content  wslu-style-1 wslu-share-box-shaped wslu-fill-colored wslu-none wslu-share-horizontal wslu-theme-font-no wslu-main_content\">\n\n\t\t\n        <ul>\n\t\t\t        <\/ul>\n    <\/div> \n","protected":false},"excerpt":{"rendered":"<p>En un ejercicio sobresaliente de cooperaci\u00f3n acad\u00e9mica y articulaci\u00f3n binacional, la Red de Instituciones de Educaci\u00f3n Superior Ecuador\u2013Colombia (REDEC) particip\u00f3 activamente en el V Congreso Internacional de Investigaci\u00f3n, Innovaci\u00f3n y Emprendimiento \u2013 CIIIE 2025, realizado en la Universidad Indoam\u00e9rica de Ambato, Ecuador. Este espacio reuni\u00f3 a investigadores, expertos y emprendedores de diversos pa\u00edses de Am\u00e9rica Latina, consolid\u00e1ndose como un punto de encuentro para el di\u00e1logo acad\u00e9mico y la construcci\u00f3n de soluciones orientadas al desarrollo sostenible, la innovaci\u00f3n y los desaf\u00edos actuales de la educaci\u00f3n superior. La presencia de la REDEC en este congreso reafirma su compromiso con la internacionalizaci\u00f3n, la integraci\u00f3n regional y el fortalecimiento de redes colaborativas que impulsan el intercambio de conocimientos y experiencias entre instituciones de ambos pa\u00edses. Su participaci\u00f3n contribuy\u00f3 al posicionamiento de la red como un referente en procesos de movilidad, cooperaci\u00f3n acad\u00e9mica y trabajo conjunto para el avance cient\u00edfico y educativo en la regi\u00f3n.<\/p>\n","protected":false},"author":4,"featured_media":3483,"comment_status":"closed","ping_status":"closed","sticky":false,"template":"","format":"standard","meta":{"postBodyCss":"","postBodyMargin":[],"postBodyPadding":[],"postBodyBackground":{"backgroundType":"classic","gradient":""},"site-sidebar-layout":"default","site-content-layout":"","ast-site-content-layout":"default","site-content-style":"default","site-sidebar-style":"default","ast-global-header-display":"","ast-banner-title-visibility":"","ast-main-header-display":"","ast-hfb-above-header-display":"","ast-hfb-below-header-display":"","ast-hfb-mobile-header-display":"","site-post-title":"","ast-breadcrumbs-content":"","ast-featured-img":"","footer-sml-layout":"","theme-transparent-header-meta":"","adv-header-id-meta":"","stick-header-meta":"","header-above-stick-meta":"","header-main-stick-meta":"","header-below-stick-meta":"","astra-migrate-meta-layouts":"set","ast-page-background-enabled":"default","ast-page-background-meta":{"desktop":{"background-color":"","background-image":"","background-repeat":"repeat","background-position":"center center","background-size":"auto","background-attachment":"scroll","background-type":"","background-media":"","overlay-type":"","overlay-color":"","overlay-opacity":"","overlay-gradient":""},"tablet":{"background-color":"","background-image":"","background-repeat":"repeat","background-position":"center center","background-size":"auto","background-attachment":"scroll","background-type":"","background-media":"","overlay-type":"","overlay-color":"","overlay-opacity":"","overlay-gradient":""},"mobile":{"background-color":"","background-image":"","background-repeat":"repeat","background-position":"center center","background-size":"auto","background-attachment":"scroll","background-type":"","background-media":"","overlay-type":"","overlay-color":"","overlay-opacity":"","overlay-gradient":""}},"ast-content-background-meta":{"desktop":{"background-color":"var(--ast-global-color-5)","background-image":"","background-repeat":"repeat","background-position":"center center","background-size":"auto","background-attachment":"scroll","background-type":"","background-media":"","overlay-type":"","overlay-color":"","overlay-opacity":"","overlay-gradient":""},"tablet":{"background-color":"var(--ast-global-color-5)","background-image":"","background-repeat":"repeat","background-position":"center center","background-size":"auto","background-attachment":"scroll","background-type":"","background-media":"","overlay-type":"","overlay-color":"","overlay-opacity":"","overlay-gradient":""},"mobile":{"background-color":"var(--ast-global-color-5)","background-image":"","background-repeat":"repeat","background-position":"center center","background-size":"auto","background-attachment":"scroll","background-type":"","background-media":"","overlay-type":"","overlay-color":"","overlay-opacity":"","overlay-gradient":""}},"footnotes":""},"categories":[21],"tags":[],"class_list":["post-3480","post","type-post","status-publish","format-standard","has-post-thumbnail","hentry","category-noticias"],"_links":{"self":[{"href":"https:\/\/redec.upec.edu.ec\/index.php?rest_route=\/wp\/v2\/posts\/3480","targetHints":{"allow":["GET"]}}],"collection":[{"href":"https:\/\/redec.upec.edu.ec\/index.php?rest_route=\/wp\/v2\/posts"}],"about":[{"href":"https:\/\/redec.upec.edu.ec\/index.php?rest_route=\/wp\/v2\/types\/post"}],"author":[{"embeddable":true,"href":"https:\/\/redec.upec.edu.ec\/index.php?rest_route=\/wp\/v2\/users\/4"}],"replies":[{"embeddable":true,"href":"https:\/\/redec.upec.edu.ec\/index.php?rest_route=%2Fwp%2Fv2%2Fcomments&post=3480"}],"version-history":[{"count":1,"href":"https:\/\/redec.upec.edu.ec\/index.php?rest_route=\/wp\/v2\/posts\/3480\/revisions"}],"predecessor-version":[{"id":3486,"href":"https:\/\/redec.upec.edu.ec\/index.php?rest_route=\/wp\/v2\/posts\/3480\/revisions\/3486"}],"wp:featuredmedia":[{"embeddable":true,"href":"https:\/\/redec.upec.edu.ec\/index.php?rest_route=\/wp\/v2\/media\/3483"}],"wp:attachment":[{"href":"https:\/\/redec.upec.edu.ec\/index.php?rest_route=%2Fwp%2Fv2%2Fmedia&parent=3480"}],"wp:term":[{"taxonomy":"category","embeddable":true,"href":"https:\/\/redec.upec.edu.ec\/index.php?rest_route=%2Fwp%2Fv2%2Fcategories&post=3480"},{"taxonomy":"post_tag","embeddable":true,"href":"https:\/\/redec.upec.edu.ec\/index.php?rest_route=%2Fwp%2Fv2%2Ftags&post=3480"}],"curies":[{"name":"wp","href":"https:\/\/api.w.org\/{rel}","templated":true}]}}