{"id":4885,"date":"2026-01-12T09:15:49","date_gmt":"2026-01-12T14:15:49","guid":{"rendered":"https:\/\/redec.upec.edu.ec\/?p=4885"},"modified":"2026-01-12T09:15:50","modified_gmt":"2026-01-12T14:15:50","slug":"generacion-del-conocimiento-para-un-mundo-sostenible-transformaciones-sociales-educativas-y-ambientales","status":"publish","type":"post","link":"https:\/\/redec.upec.edu.ec\/?p=4885","title":{"rendered":"Generaci\u00f3n del conocimiento para un mundo sostenible: transformaciones sociales, educativas y ambientales"},"content":{"rendered":"<p>Este libro colectivo re\u00fane una serie de investigaciones que, desde distintas disciplinas, abordan los desaf\u00edos m\u00e1s apremiantes de nuestro tiempo: la justicia social, la innovaci\u00f3n educativa, la transformaci\u00f3n tecnol\u00f3gica y la sostenibilidad ambiental. A trav\u00e9s de tres cap\u00edtulos \u2014Ciencias Sociales y Humanas, Ingenier\u00eda y Tecnolog\u00eda, y Ciencias de la Tierra y Medioambiente\u2014, los autores presentan propuestas disruptivas y reflexivas que promueven el desarrollo inclusivo, el uso responsable de la inteligencia artificial, la educaci\u00f3n transformadora y la protecci\u00f3n del entorno natural. Desde aulas universitarias hasta laboratorios tecnol\u00f3gicos y territorios rurales, esta obra invita al lector a pensar, actuar y crear desde un enfoque \u00e9tico, interdisciplinario y comprometido con el bien com\u00fan. Es un aporte relevante para investigadores, docentes, estudiantes y tomadores de decisiones que buscan construir un futuro m\u00e1s justo, inteligente y sostenible.<\/p>\n\n    <div class=\"xs_social_share_widget xs_share_url after_content \t\tmain_content  wslu-style-1 wslu-share-box-shaped wslu-fill-colored wslu-none wslu-share-horizontal wslu-theme-font-no wslu-main_content\">\n\n\t\t\n        <ul>\n\t\t\t        <\/ul>\n    <\/div> \n","protected":false},"excerpt":{"rendered":"<p>Este libro colectivo re\u00fane una serie de investigaciones que, desde distintas disciplinas, abordan los desaf\u00edos m\u00e1s apremiantes de nuestro tiempo: la justicia social, la innovaci\u00f3n educativa, la transformaci\u00f3n tecnol\u00f3gica y la sostenibilidad ambiental. A trav\u00e9s de tres cap\u00edtulos \u2014Ciencias Sociales y Humanas, Ingenier\u00eda y Tecnolog\u00eda, y Ciencias de la Tierra y Medioambiente\u2014, los autores presentan propuestas disruptivas y reflexivas que promueven el desarrollo inclusivo, el uso responsable de la inteligencia artificial, la educaci\u00f3n transformadora y la protecci\u00f3n del entorno natural. Desde aulas universitarias hasta laboratorios tecnol\u00f3gicos y territorios rurales, esta obra invita al lector a pensar, actuar y crear desde un enfoque \u00e9tico, interdisciplinario y comprometido con el bien com\u00fan. Es un aporte relevante para investigadores, docentes, estudiantes y tomadores de decisiones que buscan construir un futuro m\u00e1s justo, inteligente y sostenible.<\/p>\n","protected":false},"author":4,"featured_media":4884,"comment_status":"open","ping_status":"closed","sticky":false,"template":"","format":"standard","meta":{"postBodyCss":"","postBodyMargin":[],"postBodyPadding":[],"postBodyBackground":{"backgroundType":"classic","gradient":""},"site-sidebar-layout":"default","site-content-layout":"","ast-site-content-layout":"default","site-content-style":"default","site-sidebar-style":"default","ast-global-header-display":"","ast-banner-title-visibility":"","ast-main-header-display":"","ast-hfb-above-header-display":"","ast-hfb-below-header-display":"","ast-hfb-mobile-header-display":"","site-post-title":"","ast-breadcrumbs-content":"","ast-featured-img":"","footer-sml-layout":"","theme-transparent-header-meta":"","adv-header-id-meta":"","stick-header-meta":"","header-above-stick-meta":"","header-main-stick-meta":"","header-below-stick-meta":"","astra-migrate-meta-layouts":"set","ast-page-background-enabled":"default","ast-page-background-meta":{"desktop":{"background-color":"","background-image":"","background-repeat":"repeat","background-position":"center center","background-size":"auto","background-attachment":"scroll","background-type":"","background-media":"","overlay-type":"","overlay-color":"","overlay-opacity":"","overlay-gradient":""},"tablet":{"background-color":"","background-image":"","background-repeat":"repeat","background-position":"center center","background-size":"auto","background-attachment":"scroll","background-type":"","background-media":"","overlay-type":"","overlay-color":"","overlay-opacity":"","overlay-gradient":""},"mobile":{"background-color":"","background-image":"","background-repeat":"repeat","background-position":"center center","background-size":"auto","background-attachment":"scroll","background-type":"","background-media":"","overlay-type":"","overlay-color":"","overlay-opacity":"","overlay-gradient":""}},"ast-content-background-meta":{"desktop":{"background-color":"var(--ast-global-color-5)","background-image":"","background-repeat":"repeat","background-position":"center center","background-size":"auto","background-attachment":"scroll","background-type":"","background-media":"","overlay-type":"","overlay-color":"","overlay-opacity":"","overlay-gradient":""},"tablet":{"background-color":"var(--ast-global-color-5)","background-image":"","background-repeat":"repeat","background-position":"center center","background-size":"auto","background-attachment":"scroll","background-type":"","background-media":"","overlay-type":"","overlay-color":"","overlay-opacity":"","overlay-gradient":""},"mobile":{"background-color":"var(--ast-global-color-5)","background-image":"","background-repeat":"repeat","background-position":"center center","background-size":"auto","background-attachment":"scroll","background-type":"","background-media":"","overlay-type":"","overlay-color":"","overlay-opacity":"","overlay-gradient":""}},"footnotes":""},"categories":[20],"tags":[],"class_list":["post-4885","post","type-post","status-publish","format-standard","has-post-thumbnail","hentry","category-investigaciones"],"_links":{"self":[{"href":"https:\/\/redec.upec.edu.ec\/index.php?rest_route=\/wp\/v2\/posts\/4885","targetHints":{"allow":["GET"]}}],"collection":[{"href":"https:\/\/redec.upec.edu.ec\/index.php?rest_route=\/wp\/v2\/posts"}],"about":[{"href":"https:\/\/redec.upec.edu.ec\/index.php?rest_route=\/wp\/v2\/types\/post"}],"author":[{"embeddable":true,"href":"https:\/\/redec.upec.edu.ec\/index.php?rest_route=\/wp\/v2\/users\/4"}],"replies":[{"embeddable":true,"href":"https:\/\/redec.upec.edu.ec\/index.php?rest_route=%2Fwp%2Fv2%2Fcomments&post=4885"}],"version-history":[{"count":1,"href":"https:\/\/redec.upec.edu.ec\/index.php?rest_route=\/wp\/v2\/posts\/4885\/revisions"}],"predecessor-version":[{"id":4886,"href":"https:\/\/redec.upec.edu.ec\/index.php?rest_route=\/wp\/v2\/posts\/4885\/revisions\/4886"}],"wp:featuredmedia":[{"embeddable":true,"href":"https:\/\/redec.upec.edu.ec\/index.php?rest_route=\/wp\/v2\/media\/4884"}],"wp:attachment":[{"href":"https:\/\/redec.upec.edu.ec\/index.php?rest_route=%2Fwp%2Fv2%2Fmedia&parent=4885"}],"wp:term":[{"taxonomy":"category","embeddable":true,"href":"https:\/\/redec.upec.edu.ec\/index.php?rest_route=%2Fwp%2Fv2%2Fcategories&post=4885"},{"taxonomy":"post_tag","embeddable":true,"href":"https:\/\/redec.upec.edu.ec\/index.php?rest_route=%2Fwp%2Fv2%2Ftags&post=4885"}],"curies":[{"name":"wp","href":"https:\/\/api.w.org\/{rel}","templated":true}]}}